{"id":2408,"date":"2018-06-05T15:49:28","date_gmt":"2018-06-05T13:49:28","guid":{"rendered":"https:\/\/limpiezascolomer.com\/?p=2408"},"modified":"2023-08-10T13:11:23","modified_gmt":"2023-08-10T11:11:23","slug":"neteja-de-laire-condicionat","status":"publish","type":"post","link":"https:\/\/limpiezascolomer.com\/ca\/neteja-de-laire-condicionat\/","title":{"rendered":"Neteja de l&#8217;aire condicionat"},"content":{"rendered":"<p>Amb l\u00b4arribada del bon temps i la calor, un dels aparells que posem en funcionament \u00e9s l\u00b4aire condicionat. Hem de tenir en compte que ha estat molt de temps sense utilitzar i durant aquest per\u00edode d&#8217;inactivitat ha agafat molta pols que s&#8217;acumula al seu interior. Hem de tenir molt en compte la <strong>Neteja de l&#8217;Aire Condicionat<\/strong>.<\/p>\n<p>Abans de posar en funcionament <strong>l&#8217;aire condicionat<\/strong>, cal tenir en compte diversos punts importants. Cal netejar filtres per la pols acumulada durant el per\u00edode d&#8217;inactivitat, pel bon funcionament i per allargar la vida d&#8217;aquests aparells. Els filtres s\u00f3n els encarregats de retenir les part\u00edcules de pol, espores i altres organismes nocius i contaminants per a les persones que viuen a casa o llocs de treball.<\/p>\n<p>L&#8217;acumulaci\u00f3 de brut\u00edcia en un sistema de refrigeraci\u00f3 pot disminuir-ne l&#8217;efici\u00e8ncia i augmentar l&#8217;\u00fas d&#8217;electricitat.<\/p>\n<p style=\"text-align: center;\">\n<strong>A M\u00c9S, EL BON FUCNIOMENT DE L&#8217;AIRE CONDICIONAT POT REDUIR LA FACTURA DE LA LLUM.<\/strong><\/p>\n<h2><\/h2>\n<h2><strong>La qualitat de l&#8217;aire.<\/strong><\/h2>\n<p>La frescor natural i la qualitat de l&#8217;aire de casa o lloc de treball determinen la salut general, la fam\u00edlia o els treballadors. Si no es veu capa\u00e7 de netejar els diferents components o no sap com fer-ho, no ho dubti i confi\u00ef en nosaltres.<\/p>\n<p><img loading=\"lazy\" decoding=\"async\" class=\"aligncenter\" src=\"https:\/\/limpiezascolomer.com\/wp-content\/uploads\/2018\/06\/Flitros-Aire.jpg\" alt=\"\" width=\"800\" height=\"534\" \/><\/p>\n<p>&nbsp;<\/p>\n<p>\u00c9s important mantenir nets els filtres l&#8217;aire condicionat i els diferents components per un ambient m\u00e9s sa i saludable. Si no \u00e9s aix\u00ed, es poden tenir malalties relacionades amb la contaminaci\u00f3 de la qualitat de l&#8217;aire en interiors, com al\u00b7l\u00e8rgia, asma, malalties autoimmunes, etc.<\/p>\n<h3><\/h3>\n<h3><strong>Creixement\u00a0 microbi\u00e0, pols, pol\u00b7len i runes<\/strong><\/h3>\n<p>Cal fer un manteniment adequat dels aires condicionats, una o dues vegades cada any. Els components d&#8217;aquests aparells es contaminen amb pols, pol\u00b7len i enderrocs. En aquests aparells, el creixement microbi\u00e0 m\u00e9s humit augmenta i les espores del creixement es poden alliberar als espais vius.<\/p>\n<p>La <strong>neteja de l&#8217;aire condicionat<\/strong> fa refer\u00e8ncia a la neteja dels diversos components d&#8217;un sistema d&#8217;aire. Els components habituals s\u00f3n: els conductes d&#8217;aire, els filtres, els difusors, les graelles, els intercanviadors de calor, les bobines, el motor i la carcassa del ventilador i la carcassa de tractament d&#8217;aire. Aix\u00f2 quedaria en mans de professionals, per\u00f2 si l&#8217;aparell funciona correctament, n&#8217;hi ha prou amb la neteja peri\u00f2dica del filtre de l&#8217;aire. Cada quant s&#8217;ha de netejar el filtre? No hi ha resposta a aquesta pregunta ja que dep\u00e8n de les hores d&#8217;\u00fas del mateix. I no \u00e9s el mateix una oficina amb molta gent treballant que una llar.<\/p>\n<h2><\/h2>\n<h2><strong>Recomanacions Neteja de l&#8217;Aire Condicionat<\/strong><\/h2>\n<p>A la gran majoria dels aparells, els filtres de l&#8217;aire poden desmuntar-se i extreure&#8217;s, facilitant aix\u00ed la neteja dels mateixos. Una altra de les opcions, \u00e9s que es poden reempla\u00e7ar per uns de nous.<\/p>\n<p><strong>Canvi del filtre de l&#8217;aire<\/strong>.-\u00a0 La gran majoria dels aparells es poden reempla\u00e7ar f\u00e0cilment el filtre. \u00c9s recomanable el canvi una o dues vegades cada any, per\u00f2 sobretot amb l&#8217;arribada de la calor. Ja que durant el temps d&#8217;inactivitat s&#8217;ha acumulat molta pols i part\u00edcules nocives per als nostres pulmons i per a la salut de la nostra fam\u00edlia o treballadors.<\/p>\n<p><strong>Neteja del Filtre<\/strong>.-\u00a0 En cas de no poder reempla\u00e7ar aquesta pe\u00e7a fonamental, \u00e9s convenient extreure&#8217;l i submergir-lo en una barreja d&#8217;aigua i vinagre i deixar-lo durant un parell d&#8217;hores. Un cop net i eliminats tots els bacteris i organismes nocius \u00e9s hora de tornar-lo a muntar.<\/p>\n<p>Si no es veu capa\u00e7 de la <strong>neteja de l&#8217;aire condicionat<\/strong> de casa, oficina o lloc de treball pot confiar en nosaltres. Una empresa amb m\u00e9s de 20 anys d&#8217;experi\u00e8ncia al sector de la Neteja.<\/p>\n<p>&nbsp;<\/p>\n","protected":false},"excerpt":{"rendered":"<p>Amb l\u00b4arribada del bon temps i la calor, un dels aparells que posem en funcionament \u00e9s l\u00b4aire condicionat. Hem de tenir en compte que ha estat molt de temps sense utilitzar i durant aquest per\u00edode d&#8217;inactivitat ha agafat molta pols que s&#8217;acumula al seu interior. Hem de tenir molt en compte la Neteja de l&#8217;Aire [&hellip;]<\/p>\n","protected":false},"author":4,"featured_media":1751,"comment_status":"closed","ping_status":"open","sticky":false,"template":"","format":"standard","meta":{"_et_pb_use_builder":"","_et_pb_old_content":"","_et_gb_content_width":"","footnotes":""},"categories":[30],"tags":[],"class_list":["post-2408","post","type-post","status-publish","format-standard","has-post-thumbnail","hentry","category-consells-de-neteja"],"_links":{"self":[{"href":"https:\/\/limpiezascolomer.com\/ca\/wp-json\/wp\/v2\/posts\/2408","targetHints":{"allow":["GET"]}}],"collection":[{"href":"https:\/\/limpiezascolomer.com\/ca\/wp-json\/wp\/v2\/posts"}],"about":[{"href":"https:\/\/limpiezascolomer.com\/ca\/wp-json\/wp\/v2\/types\/post"}],"author":[{"embeddable":true,"href":"https:\/\/limpiezascolomer.com\/ca\/wp-json\/wp\/v2\/users\/4"}],"replies":[{"embeddable":true,"href":"https:\/\/limpiezascolomer.com\/ca\/wp-json\/wp\/v2\/comments?post=2408"}],"version-history":[{"count":1,"href":"https:\/\/limpiezascolomer.com\/ca\/wp-json\/wp\/v2\/posts\/2408\/revisions"}],"predecessor-version":[{"id":2409,"href":"https:\/\/limpiezascolomer.com\/ca\/wp-json\/wp\/v2\/posts\/2408\/revisions\/2409"}],"wp:featuredmedia":[{"embeddable":true,"href":"https:\/\/limpiezascolomer.com\/ca\/wp-json\/wp\/v2\/media\/1751"}],"wp:attachment":[{"href":"https:\/\/limpiezascolomer.com\/ca\/wp-json\/wp\/v2\/media?parent=2408"}],"wp:term":[{"taxonomy":"category","embeddable":true,"href":"https:\/\/limpiezascolomer.com\/ca\/wp-json\/wp\/v2\/categories?post=2408"},{"taxonomy":"post_tag","embeddable":true,"href":"https:\/\/limpiezascolomer.com\/ca\/wp-json\/wp\/v2\/tags?post=2408"}],"curies":[{"name":"wp","href":"https:\/\/api.w.org\/{rel}","templated":true}]}}